{"id":1608,"date":"2019-07-17T13:01:47","date_gmt":"2019-07-17T11:01:47","guid":{"rendered":"https:\/\/www.primalucelab.com\/wp\/astronomia\/?p=1608"},"modified":"2022-03-01T11:42:09","modified_gmt":"2022-03-01T10:42:09","slug":"lunar-eclipse-from-the-dolomites-with-borg-90fl-f3-9-and-esatto-3-eclisse-di-luna-delle-dolomiti","status":"publish","type":"post","link":"https:\/\/www.primalucelab.it\/blog\/lunar-eclipse-from-the-dolomites-with-borg-90fl-f3-9-and-esatto-3-eclisse-di-luna-delle-dolomiti\/","title":{"rendered":"Eclisse di Luna dalle Dolomiti con Borg 90FL f3.9 e ESATTO 3\u201d"},"content":{"rendered":"<p style=\"text-align: justify;\">L&#8217;eclissi lunare parziale del 16 luglio in Italia ci ha dato l&#8217;opportunit\u00e0 di testare il nuovo&nbsp;rifrattore apocromatico&nbsp;fluorite Borg 90FL f3.9 con focheggiatore micrometrico ESATTO 3&#8243;&nbsp;e, grazie alla sua estrema traportabilit\u00e0, spostarsi&nbsp;nelle Dolomiti, una delle pi\u00f9 belle parti&nbsp;delle Alpi italiane e <a href=\"https:\/\/www.dolomitiunesco.it\" target=\"_blank\" rel=\"noopener\">patrimonio mondiale dell&#8217;Unesco<\/a>! La nostra sfida \u00e8 stata scattare una foto della Luna parzialmente eclissata mentre sorge dalle&nbsp;Dolomiti, guardate il&nbsp;video e scoprire come l&#8217;abbiamo fatto!<\/p>\n<!--more-->\n<p style=\"text-align: justify;\">Prima di spostarci&nbsp;sulle Dolomiti, abbiamo verificato&nbsp;diversi possibili posti da cui effettuare le riprese&nbsp;e la posizione della Luna rispetto alle&nbsp;montagne. In effetti \u00e8 stato fondamentale trovare il miglior punto di vista che ci permettesse di registrare in una sola immagine l&#8217;eclissi di luna&nbsp;e le Dolomiti.<\/p>\n&nbsp;\n<p style=\"text-align: center;\"><iframe loading=\"lazy\" style=\"width: 100%; max-width: 650px;\" src=\"https:\/\/www.youtube.com\/embed\/1hrY__2rEAU?rel=0\" width=\"300\" height=\"365\" allowfullscreen=\"allowfullscreen\"><\/iframe><\/p>\n&nbsp;\n<p style=\"text-align: justify;\">Abbiamo deciso che il posto migliore per noi era il <a href=\"https:\/\/it.wikipedia.org\/wiki\/Passo_di_Giau\" target=\"_blank\" rel=\"noopener\">Passo Giau<\/a> molto vicino a Cortina d&#8217;Ampezzo, che conosciamo molto bene perch\u00e9 ci andiamo spesso per fare astrofotografia a &nbsp;lunga esposizione.<\/p>\n&nbsp;\n\n<figure id=\"attachment_1232\" aria-describedby=\"caption-attachment-1232\" style=\"width: 650px\" class=\"wp-caption aligncenter\"><img loading=\"lazy\" decoding=\"async\" class=\"wp-image-1232 size-full\" src=\"https:\/\/www.primalucelab.com\/wp\/astronomy\/wp-content\/uploads\/sites\/4\/2019\/07\/Lunar-eclipse-from-the-Dolomites-with-Borg-90FL-immagine1.jpg\" alt=\"Eclisse di Luna delle Dolomiti con Borg 90FL: posizione della Luna durante l'eclissi\" width=\"650\" height=\"255\"><figcaption id=\"caption-attachment-1232\" class=\"wp-caption-text\">Eclisse di Luna delle Dolomiti con Borg 90FL: posizione della Luna durante l&#8217;eclissi<\/figcaption><\/figure>\n\n&nbsp;\n<p style=\"text-align: justify;\">Avendo un telescopio molto compatto il trasporto \u00e8 stato facilissimo. Infatti, il rifrattore apocromatico&nbsp;fluorite Borg 90FL f3.9 con focheggiatore micrometrico ESATTO 3&#8243;&nbsp;\u00e8 cos\u00ec compatto (solo 36 cm di lunghezza) e leggero (4,2 kg) che siamo stati in grado di utilizzare una portatile montatura&nbsp;Celestron Advanced VX. Abbiamo avito bisogno di soli 3 minuti per aprire la montatura, allineare a nord e installare il telescopio. Naturalmente avevamo EAGLE&nbsp;con noi, quindi tutti i cavi di alimentazione e di controllo&nbsp;erano gi\u00e0 pronti e con&nbsp;una piccola batteria al litio alimentavamo&nbsp;il tutto.<\/p>\n&nbsp;\n\n<figure id=\"attachment_1236\" aria-describedby=\"caption-attachment-1236\" style=\"width: 650px\" class=\"wp-caption aligncenter\"><img loading=\"lazy\" decoding=\"async\" class=\"wp-image-1236 size-full\" src=\"https:\/\/www.primalucelab.com\/wp\/astronomy\/wp-content\/uploads\/sites\/4\/2019\/07\/Lunar-eclipse-from-the-Dolomites-with-Borg-90FL-immagine2.jpg\" alt=\"Eclisse di Luna delle Dolomiti con Borg 90FL: l'installazione del telescopio \u00e8 molto facile e veloce\" width=\"650\" height=\"366\"><figcaption id=\"caption-attachment-1236\" class=\"wp-caption-text\">Eclisse di Luna delle Dolomiti con Borg 90FL: l&#8217;installazione del telescopio \u00e8 molto facile e veloce<\/figcaption><\/figure>\n\n&nbsp;\n<p style=\"text-align: justify;\">Collegando una camera Full Frame (abbiamo usato la Nikon Z6) al telescopio Borg, abbiamo calcolato un incredibile campo inquadrato&nbsp;di 5.86 x 3.91 gradi che era proprio quello che volevamo per creare un&#8217;immagine suggestiva della Luna parzialmente eclissata insieme con le&nbsp;Dolomiti. Quindi abbiamo puntato il nostro telescopio verso la posizione in cui ci aspettavamo la Luna sorgesse&nbsp;e&nbsp;abbiamo aspettato. Appena sorta, abbiamo registrato un breve tempo di esposizione per esporre correttamente la superficie della Luna (con l&#8217;area parzialmente eclissata&nbsp;dall&#8217;ombra della Terra) e una pi\u00f9 lunga per registrare i dettagli delle&nbsp;Dolomiti, quindi le abbiamo sommate&nbsp;per ottenere l&#8217;immagine finale.<\/p>\n&nbsp;\n\n<figure id=\"attachment_1237\" aria-describedby=\"caption-attachment-1237\" style=\"width: 650px\" class=\"wp-caption aligncenter\"><img loading=\"lazy\" decoding=\"async\" class=\"wp-image-1237 size-full\" src=\"https:\/\/www.primalucelab.com\/wp\/astronomy\/wp-content\/uploads\/sites\/4\/2019\/07\/Lunar-eclipse-from-the-Dolomites-with-Borg-90FL-immagine3.jpg\" alt=\"Eclisse di Luna delle Dolomiti con Borg 90FL: l'immagine fonale della Luna parzialmente eclissata che sorge dalle Dolomiti\" width=\"650\" height=\"433\"><figcaption id=\"caption-attachment-1237\" class=\"wp-caption-text\">Eclisse di Luna delle Dolomiti con Borg 90FL: l&#8217;immagine fonale della Luna parzialmente eclissata che sorge dalle Dolomiti<\/figcaption><\/figure>\n\n&nbsp;\n<p style=\"text-align: justify;\">L&#8217;eclissi lunare, anche se parziale, \u00e8 un evento affascinante soprattutto quando &#8220;vissuta&#8221; nel mezzo dell&#8217;incredibile paesaggio dolomitico. E il rifrattore apocromatico&nbsp;fluorite Borg 90FL f3.9 con focheggiatore micrometrico ESATTO 3&#8243;&nbsp;si \u00e8 dimostrato il perfetto telescopio per la traportabilit\u00e0 e&nbsp;prestazioni incredibili anche con sensori molto grandi.<\/p><!DOCTYPE html><html lang=\"en-US\"><head><title>Just a moment...<\/title><meta http-equiv=\"Content-Type\" content=\"text\/html; charset=UTF-8\"><meta http-equiv=\"X-UA-Compatible\" content=\"IE=Edge\"><meta name=\"robots\" content=\"noindex,nofollow\"><meta name=\"viewport\" content=\"width=device-width,initial-scale=1\"><meta http-equiv=\"content-security-policy\" content=\"default-src &#39;none&#39;; script-src &#39;nonce-FsvjRyL2zcZ1dpIvFISI97&#39; &#39;unsafe-eval&#39; https:\/\/challenges.cloudflare.com; script-src-attr &#39;none&#39;; style-src &#39;unsafe-inline&#39;; img-src &#39;self&#39; https:\/\/challenges.cloudflare.com; connect-src &#39;self&#39; https:\/\/challenges.cloudflare.com; frame-src &#39;self&#39; https:\/\/challenges.cloudflare.com blob:; child-src &#39;self&#39; https:\/\/challenges.cloudflare.com blob:; worker-src blob:; form-action http: https:; base-uri &#39;self&#39;\"><style>*{box-sizing:border-box;margin:0;padding:0}html{line-height:1.15;-webkit-text-size-adjust:100%;color:#313131;font-family:system-ui,-apple-system,BlinkMacSystemFont,\"Segoe UI\",Roboto,\"Helvetica Neue\",Arial,\"Noto Sans\",sans-serif,\"Apple Color Emoji\",\"Segoe UI Emoji\",\"Segoe UI Symbol\",\"Noto Color Emoji\"}body{display:flex;flex-direction:column;height:100vh;min-height:100vh}.main-content{margin:8rem auto;padding-left:1.5rem;max-width:60rem}@media (width <= 720px){.main-content{margin-top:4rem}}#challenge-error-text{background-image:url(\"data:image\/svg+xml;base64,PHN2ZyB4bWxucz0iaHR0cDovL3d3dy53My5vcmcvMjAwMC9zdmciIHdpZHRoPSIzMiIgaGVpZ2h0PSIzMiIgZmlsbD0ibm9uZSI+PHBhdGggZmlsbD0iI0IyMEYwMyIgZD0iTTE2IDNhMTMgMTMgMCAxIDAgMTMgMTNBMTMuMDE1IDEzLjAxNSAwIDAgMCAxNiAzbTAgMjRhMTEgMTEgMCAxIDEgMTEtMTEgMTEuMDEgMTEuMDEgMCAwIDEtMTEgMTEiLz48cGF0aCBmaWxsPSIjQjIwRjAzIiBkPSJNMTcuMDM4IDE4LjYxNUgxNC44N0wxNC41NjMgOS41aDIuNzgzem0tMS4wODQgMS40MjdxLjY2IDAgMS4wNTcuMzg4LjQwNy4zODkuNDA3Ljk5NCAwIC41OTYtLjQwNy45ODQtLjM5Ny4zOS0xLjA1Ny4zODktLjY1IDAtMS4wNTYtLjM4OS0uMzk4LS4zODktLjM5OC0uOTg0IDAtLjU5Ny4zOTgtLjk4NS40MDYtLjM5NyAxLjA1Ni0uMzk3Ii8+PC9zdmc+\");background-repeat:no-repeat;background-size:contain;padding-left:34px}<\/style><meta http-equiv=\"refresh\" content=\"360\"><\/head><body><div class=\"main-wrapper\" role=\"main\"><div class=\"main-content\"><noscript><div class=\"h2\"><span id=\"challenge-error-text\">Enable JavaScript and cookies to continue<\/span><\/div><\/noscript><\/div><\/div><script nonce=\"FsvjRyL2zcZ1dpIvFISI97\">(function(){window._cf_chl_opt = {cFPWv: 'b',cH: 'mjv5vbTkF.3TmzATcUCmXE.pQW9NfdG32axqZ597jAY-1788166810-1.2.1.1-YNG3le60HKbWoCZAGTzXSM2UQzRpf35blDVEG68N3M493Ng8DuTiBkK9_o7Xak20',cITimeS: '1788166810',cN: 'FsvjRyL2zcZ1dpIvFISI97',cRay: 'a33ad7e6e87ed506',cTplB: '0',cTplC:0,cTplO:0,cTplV:5,cType: 'managed',cUPMDTk:\"\/module\/prestawp\/products?1=\\u0026ids=1943%2C2374\\u0026type=api\\u0026securekey=64fef213ae1086f48e4f725234654914\\u0026isolang=it\\u0026__cf_chl_tk=axWE2I7VH_NB9WYYsadHDkYB0RXe0KYuchBC3ScW_jY-1788166810-1.0.1.1-jczwES8wZJduFjhsBMN9GoqHnhICiOhGX2cbvi8cJTg\",cvId: '3',cZone: 'www.primalucelab.it',fa:\"\/module\/prestawp\/products?1=\\u0026ids=1943%2C2374\\u0026type=api\\u0026securekey=64fef213ae1086f48e4f725234654914\\u0026isolang=it\\u0026__cf_chl_f_tk=axWE2I7VH_NB9WYYsadHDkYB0RXe0KYuchBC3ScW_jY-1788166810-1.0.1.1-jczwES8wZJduFjhsBMN9GoqHnhICiOhGX2cbvi8cJTg\",md: 'LlNw_oq5j0tWe83IFhiCQgXOI0tpsnLwFXor4lnvGqg-1788166810-1.2.1.1-F.VNv8TXrC02F2TmOM5ZXSZxsIUSZyxLkQNuqQCplNuOz7dU6dylRZrwioCv8ZpfdXjsaGlvZ5F7DsjlfB402KwhdcrrAAec3Yc6wU5dXm0BkSWf6UxngUPPppS9znqaopkRpFZxEhGmG.gbeGAtEiDI_9gBjt8zQOjxTVL63TcKVEZRiQHp2RGKMDTceAkt9D2LDrOdd9p9D95bp2F4QQGKqyJx6S3Bj3_NEofhfAiUO6u0lPPyYI0P0KHCuvjzSsZN3cWNNdSJH_JzEbmq9UmfSCVOxBGhaeiQhsVq4FTxI.A1K.vOczwx5hYErYJ_Oe804qyX4C8i2fjzqWXrWhYxiY_7UBzw38JKlUhwn3DNUGqs3Ou2YKduEJAXfKkDiZF0xA_wVjr5WajF5hxtuZwZz7t5QD3xtaimEJtAsjMrVrh840QC6nUgKPwfG846pATN_L.N2AT5zaFbqvsqhCY.R70qLvoHZTAJ.SzEcBYQ0wDKSekSZL.b4MV5WxWYvpHWyjfeDEWs1BSrfcvgRMIu5_vzpmOZVn6lwMRiU7J0dk9.6YbuaJHvcH5KV0nn7lwR7LPbR530dAwUhtk20fOKjCvfzOY7M_Vj2MZx7BmWFtDnGIr2Iqy7MBZrgIfjFofvWfYEH0NtP1sbJj4GGe6R_gGgELvXdRIXFNYA99VXSDhkEyqmTeqyFs7IIK08jxtpddQwX8NcxrdRJ_isVoSeLdjEQAVhjJfm6Z5U7d0sPgTAZbCgQYlDs9gwZiA1D8dKnhleCsoww.6RJ0z_JM3iq7bsxrz2FquH_5rtb7dMkKSk8z5ybXfXnJIxIQYpgkljoBbbJDnxUX5kS8AlzLu_DZQjJUKjgbUxpw2msk3w3uSto2wWpbBArm2BKuLWkoLVTDlB2KDsD.Q6JNljtsCSuWydbbd.zTmosESYsnNexzxlp0clyYAO544X8qbqBYTcliVJLFFRszSrMb8_RZVMOpZXpGWlAQxSO4rYytuvYjAYjWDLj9Q0dFfDMjJmi3Izm1x_MoySKYu7clSDQbwvCUABBG2H8hOwWp.cAaUMLgBUL6t4OZo6jLqv9yw1TGv3SWjqa6WrvIIrvPNTC.LgbxtGmbC2lVt4vtgwl8yT_vrWE0ZROavGQ5Ml7jFLPMPaETtg.PgG_iIlderRxXKLvPcd1zUTEG3g1jzHE5cu0J2Qjl50IDyxM9kQMNV9',mdrd: '.s3tpY1gh3ASB2epLZ2wZ7VWlW__TuGpYIykeQGVZ4I-1788166810-1.2.1.1-Na39vzIPpZJLioAGw8ju_wXvKvY9RiKMuw7lm8bJECHAADxfMu5b2PHQjw1n8olv2jro1Rh4wbjA70uYU5FuRueK2Ux4AITGajvHuRbK1yJLFEsNaHjYWUrO9axQhLuQiFFlyQBbPBRo3gUw0VE.1JSDn_DzVQ._Spo.J2g6MtKgj.PkvtvMR75xzrRkY2OYkGBZrikukQAa_CCg0VCJKA',};var a = document.createElement('script');a.nonce = 'FsvjRyL2zcZ1dpIvFISI97';a.src = '\/cdn-cgi\/challenge-platform\/h\/b\/orchestrate\/chl_page\/v1?ray=a33ad7e6e87ed506';window._cf_chl_opt.cOgUHash = location.hash === '' && location.href.indexOf('#') !== -1 ? '#' : location.hash;window._cf_chl_opt.cOgUQuery = location.search === '' && location.href.slice(0, location.href.length - window._cf_chl_opt.cOgUHash.length).indexOf('?') !== -1 ? '?' : location.search;if (window.history && window.history.replaceState) {var ogU = location.pathname + window._cf_chl_opt.cOgUQuery + window._cf_chl_opt.cOgUHash;history.replaceState(null, null,\"\/module\/prestawp\/products?1=\\u0026ids=1943%2C2374\\u0026type=api\\u0026securekey=64fef213ae1086f48e4f725234654914\\u0026isolang=it\\u0026__cf_chl_rt_tk=axWE2I7VH_NB9WYYsadHDkYB0RXe0KYuchBC3ScW_jY-1788166810-1.0.1.1-jczwES8wZJduFjhsBMN9GoqHnhICiOhGX2cbvi8cJTg\"+ window._cf_chl_opt.cOgUHash);a.onload = function() {history.replaceState(null, null, ogU);}}document.getElementsByTagName('head')[0].appendChild(a);}());<\/script><\/body><\/html>\n","protected":false},"excerpt":{"rendered":"<p>L&#8217;eclissi lunare parziale del 16 luglio in Italia ci ha dato l&#8217;opportunit\u00e0 di testare il nuovo&nbsp;rifrattore apocromatico&nbsp;fluorite Borg 90FL f3.9 con focheggiatore micrometrico ESATTO 3&#8243;&nbsp;e, grazie alla sua estrema traportabilit\u00e0, spostarsi&nbsp;nelle Dolomiti, una delle pi\u00f9 belle parti&nbsp;delle Alpi italiane e patrimonio mondiale dell&#8217;Unesco! La nostra sfida \u00e8 stata scattare una&#8230;<\/p>\n","protected":false},"author":2,"featured_media":2449,"comment_status":"closed","ping_status":"closed","sticky":false,"template":"","format":"standard","meta":{"_acf_changed":false,"inline_featured_image":false,"_uag_custom_page_level_css":"","footnotes":""},"categories":[63],"tags":[],"class_list":["post-1608","post","type-post","status-publish","format-standard","has-post-thumbnail","hentry","category-tecniche-astrofotografia"],"acf":[],"yoast_head":"<!-- This site is optimized with the Yoast SEO plugin v28.1 - https:\/\/yoast.com\/product\/yoast-seo-wordpress\/ -->\n<title>Eclisse di Luna dalle Dolomiti con Borg 90FL f3.9 e ESATTO 3\u201d<\/title>\n<meta name=\"description\" content=\"L&#039;eclissi lunare parziale del 16 luglio ci ha dato l&#039;opportunit\u00e0 di testare il nuovo telescopio Borg 90FL f3.9 con focheggiatore ESATTO 3&quot;.\" \/>\n<meta name=\"robots\" content=\"index, follow, max-snippet:-1, max-image-preview:large, max-video-preview:-1\" \/>\n<link rel=\"canonical\" href=\"https:\/\/www.primalucelab.it\/blog\/lunar-eclipse-from-the-dolomites-with-borg-90fl-f3-9-and-esatto-3-eclisse-di-luna-delle-dolomiti\/\" \/>\n<meta property=\"og:locale\" content=\"it_IT\" \/>\n<meta property=\"og:type\" content=\"article\" \/>\n<meta property=\"og:title\" content=\"Eclisse di Luna dalle Dolomiti con Borg 90FL f3.9 e ESATTO 3\u201d\" \/>\n<meta property=\"og:description\" content=\"L&#039;eclissi lunare parziale del 16 luglio ci ha dato l&#039;opportunit\u00e0 di testare il nuovo telescopio Borg 90FL f3.9 con focheggiatore ESATTO 3&quot;.\" \/>\n<meta property=\"og:url\" content=\"https:\/\/www.primalucelab.it\/blog\/lunar-eclipse-from-the-dolomites-with-borg-90fl-f3-9-and-esatto-3-eclisse-di-luna-delle-dolomiti\/\" \/>\n<meta property=\"og:site_name\" content=\"PrimaLuceLab\" \/>\n<meta property=\"article:published_time\" content=\"2019-07-17T11:01:47+00:00\" \/>\n<meta property=\"article:modified_time\" content=\"2022-03-01T10:42:09+00:00\" \/>\n<meta property=\"og:image\" content=\"https:\/\/www.primalucelab.it\/blog\/wp-content\/uploads\/2019\/07\/immagine-evidenza-650x650-1.jpg\" \/>\n\t<meta property=\"og:image:width\" content=\"650\" \/>\n\t<meta property=\"og:image:height\" content=\"650\" \/>\n\t<meta property=\"og:image:type\" content=\"image\/jpeg\" \/>\n<meta name=\"author\" content=\"Filippo Bradaschia\" \/>\n<meta name=\"twitter:card\" content=\"summary_large_image\" \/>\n<meta name=\"twitter:label1\" content=\"Scritto da\" \/>\n\t<meta name=\"twitter:data1\" content=\"Filippo Bradaschia\" \/>\n\t<meta name=\"twitter:label2\" content=\"Tempo di lettura stimato\" \/>\n\t<meta name=\"twitter:data2\" content=\"3 minuti\" \/>\n<script type=\"application\/ld+json\" class=\"yoast-schema-graph\">{\"@context\":\"https:\\\/\\\/schema.org\",\"@graph\":[{\"@type\":\"Article\",\"@id\":\"https:\\\/\\\/www.primalucelab.it\\\/blog\\\/lunar-eclipse-from-the-dolomites-with-borg-90fl-f3-9-and-esatto-3-eclisse-di-luna-delle-dolomiti\\\/#article\",\"isPartOf\":{\"@id\":\"https:\\\/\\\/www.primalucelab.it\\\/blog\\\/lunar-eclipse-from-the-dolomites-with-borg-90fl-f3-9-and-esatto-3-eclisse-di-luna-delle-dolomiti\\\/\"},\"author\":{\"name\":\"Filippo Bradaschia\",\"@id\":\"\\\/#\\\/schema\\\/person\\\/72e82955e044a9da6f10ebbf8134628b\"},\"headline\":\"Eclisse di Luna dalle Dolomiti con Borg 90FL f3.9 e ESATTO 3\u201d\",\"datePublished\":\"2019-07-17T11:01:47+00:00\",\"dateModified\":\"2022-03-01T10:42:09+00:00\",\"mainEntityOfPage\":{\"@id\":\"https:\\\/\\\/www.primalucelab.it\\\/blog\\\/lunar-eclipse-from-the-dolomites-with-borg-90fl-f3-9-and-esatto-3-eclisse-di-luna-delle-dolomiti\\\/\"},\"wordCount\":498,\"publisher\":{\"@id\":\"\\\/#organization\"},\"image\":{\"@id\":\"https:\\\/\\\/www.primalucelab.it\\\/blog\\\/lunar-eclipse-from-the-dolomites-with-borg-90fl-f3-9-and-esatto-3-eclisse-di-luna-delle-dolomiti\\\/#primaryimage\"},\"thumbnailUrl\":\"https:\\\/\\\/www.primalucelab.it\\\/blog\\\/wp-content\\\/uploads\\\/2019\\\/07\\\/immagine-evidenza-650x650-1.jpg\",\"articleSection\":[\"Progetti ed eventi\"],\"inLanguage\":\"it-IT\"},{\"@type\":\"WebPage\",\"@id\":\"https:\\\/\\\/www.primalucelab.it\\\/blog\\\/lunar-eclipse-from-the-dolomites-with-borg-90fl-f3-9-and-esatto-3-eclisse-di-luna-delle-dolomiti\\\/\",\"url\":\"https:\\\/\\\/www.primalucelab.it\\\/blog\\\/lunar-eclipse-from-the-dolomites-with-borg-90fl-f3-9-and-esatto-3-eclisse-di-luna-delle-dolomiti\\\/\",\"name\":\"Eclisse di Luna dalle Dolomiti con Borg 90FL f3.9 e ESATTO 3\u201d\",\"isPartOf\":{\"@id\":\"\\\/#website\"},\"primaryImageOfPage\":{\"@id\":\"https:\\\/\\\/www.primalucelab.it\\\/blog\\\/lunar-eclipse-from-the-dolomites-with-borg-90fl-f3-9-and-esatto-3-eclisse-di-luna-delle-dolomiti\\\/#primaryimage\"},\"image\":{\"@id\":\"https:\\\/\\\/www.primalucelab.it\\\/blog\\\/lunar-eclipse-from-the-dolomites-with-borg-90fl-f3-9-and-esatto-3-eclisse-di-luna-delle-dolomiti\\\/#primaryimage\"},\"thumbnailUrl\":\"https:\\\/\\\/www.primalucelab.it\\\/blog\\\/wp-content\\\/uploads\\\/2019\\\/07\\\/immagine-evidenza-650x650-1.jpg\",\"datePublished\":\"2019-07-17T11:01:47+00:00\",\"dateModified\":\"2022-03-01T10:42:09+00:00\",\"description\":\"L'eclissi lunare parziale del 16 luglio ci ha dato l'opportunit\u00e0 di testare il nuovo telescopio Borg 90FL f3.9 con focheggiatore ESATTO 3\\\".\",\"breadcrumb\":{\"@id\":\"https:\\\/\\\/www.primalucelab.it\\\/blog\\\/lunar-eclipse-from-the-dolomites-with-borg-90fl-f3-9-and-esatto-3-eclisse-di-luna-delle-dolomiti\\\/#breadcrumb\"},\"inLanguage\":\"it-IT\",\"potentialAction\":[{\"@type\":\"ReadAction\",\"target\":[\"https:\\\/\\\/www.primalucelab.it\\\/blog\\\/lunar-eclipse-from-the-dolomites-with-borg-90fl-f3-9-and-esatto-3-eclisse-di-luna-delle-dolomiti\\\/\"]}]},{\"@type\":\"ImageObject\",\"inLanguage\":\"it-IT\",\"@id\":\"https:\\\/\\\/www.primalucelab.it\\\/blog\\\/lunar-eclipse-from-the-dolomites-with-borg-90fl-f3-9-and-esatto-3-eclisse-di-luna-delle-dolomiti\\\/#primaryimage\",\"url\":\"https:\\\/\\\/www.primalucelab.it\\\/blog\\\/wp-content\\\/uploads\\\/2019\\\/07\\\/immagine-evidenza-650x650-1.jpg\",\"contentUrl\":\"https:\\\/\\\/www.primalucelab.it\\\/blog\\\/wp-content\\\/uploads\\\/2019\\\/07\\\/immagine-evidenza-650x650-1.jpg\",\"width\":650,\"height\":650},{\"@type\":\"BreadcrumbList\",\"@id\":\"https:\\\/\\\/www.primalucelab.it\\\/blog\\\/lunar-eclipse-from-the-dolomites-with-borg-90fl-f3-9-and-esatto-3-eclisse-di-luna-delle-dolomiti\\\/#breadcrumb\",\"itemListElement\":[{\"@type\":\"ListItem\",\"position\":1,\"name\":\"Home\",\"item\":\"https:\\\/\\\/www.primalucelab.it\\\/blog\\\/\"},{\"@type\":\"ListItem\",\"position\":2,\"name\":\"Projects and Events\",\"item\":\"https:\\\/\\\/www.primalucelab.com\\\/blog\\\/category\\\/astrophotography-technique\\\/\"},{\"@type\":\"ListItem\",\"position\":3,\"name\":\"Eclisse di Luna dalle Dolomiti con Borg 90FL f3.9 e ESATTO 3\u201d\"}]},{\"@type\":\"WebSite\",\"@id\":\"\\\/#website\",\"url\":\"\\\/\",\"name\":\"PrimaLuceLab\",\"description\":\"Puntiamo in alto\",\"publisher\":{\"@id\":\"\\\/#organization\"},\"potentialAction\":[{\"@type\":\"SearchAction\",\"target\":{\"@type\":\"EntryPoint\",\"urlTemplate\":\"\\\/?s={search_term_string}\"},\"query-input\":{\"@type\":\"PropertyValueSpecification\",\"valueRequired\":true,\"valueName\":\"search_term_string\"}}],\"inLanguage\":\"it-IT\"},{\"@type\":\"Organization\",\"@id\":\"\\\/#organization\",\"name\":\"PrimaluceLab\",\"url\":\"\\\/\",\"logo\":{\"@type\":\"ImageObject\",\"inLanguage\":\"it-IT\",\"@id\":\"\\\/#\\\/schema\\\/logo\\\/image\\\/\",\"url\":\"https:\\\/\\\/www.primalucelab.it\\\/blog\\\/wp-content\\\/uploads\\\/2021\\\/03\\\/logo.png\",\"contentUrl\":\"https:\\\/\\\/www.primalucelab.it\\\/blog\\\/wp-content\\\/uploads\\\/2021\\\/03\\\/logo.png\",\"width\":300,\"height\":83,\"caption\":\"PrimaluceLab\"},\"image\":{\"@id\":\"\\\/#\\\/schema\\\/logo\\\/image\\\/\"}},{\"@type\":\"Person\",\"@id\":\"\\\/#\\\/schema\\\/person\\\/72e82955e044a9da6f10ebbf8134628b\",\"name\":\"Filippo Bradaschia\",\"image\":{\"@type\":\"ImageObject\",\"inLanguage\":\"it-IT\",\"@id\":\"https:\\\/\\\/secure.gravatar.com\\\/avatar\\\/f46a4232395582ddee20f008a6b9fefc3623e99d4fc1da29e88f7374bf105882?s=96&d=mm&r=g\",\"url\":\"https:\\\/\\\/secure.gravatar.com\\\/avatar\\\/f46a4232395582ddee20f008a6b9fefc3623e99d4fc1da29e88f7374bf105882?s=96&d=mm&r=g\",\"contentUrl\":\"https:\\\/\\\/secure.gravatar.com\\\/avatar\\\/f46a4232395582ddee20f008a6b9fefc3623e99d4fc1da29e88f7374bf105882?s=96&d=mm&r=g\",\"caption\":\"Filippo Bradaschia\"},\"url\":\"https:\\\/\\\/www.primalucelab.it\\\/blog\\\/author\\\/admin\\\/\"}]}<\/script>\n<!-- \/ Yoast SEO plugin. -->","yoast_head_json":{"title":"Eclisse di Luna dalle Dolomiti con Borg 90FL f3.9 e ESATTO 3\u201d","description":"L'eclissi lunare parziale del 16 luglio ci ha dato l'opportunit\u00e0 di testare il nuovo telescopio Borg 90FL f3.9 con focheggiatore ESATTO 3\".","robots":{"index":"index","follow":"follow","max-snippet":"max-snippet:-1","max-image-preview":"max-image-preview:large","max-video-preview":"max-video-preview:-1"},"canonical":"https:\/\/www.primalucelab.it\/blog\/lunar-eclipse-from-the-dolomites-with-borg-90fl-f3-9-and-esatto-3-eclisse-di-luna-delle-dolomiti\/","og_locale":"it_IT","og_type":"article","og_title":"Eclisse di Luna dalle Dolomiti con Borg 90FL f3.9 e ESATTO 3\u201d","og_description":"L'eclissi lunare parziale del 16 luglio ci ha dato l'opportunit\u00e0 di testare il nuovo telescopio Borg 90FL f3.9 con focheggiatore ESATTO 3\".","og_url":"https:\/\/www.primalucelab.it\/blog\/lunar-eclipse-from-the-dolomites-with-borg-90fl-f3-9-and-esatto-3-eclisse-di-luna-delle-dolomiti\/","og_site_name":"PrimaLuceLab","article_published_time":"2019-07-17T11:01:47+00:00","article_modified_time":"2022-03-01T10:42:09+00:00","og_image":[{"width":650,"height":650,"url":"https:\/\/www.primalucelab.it\/blog\/wp-content\/uploads\/2019\/07\/immagine-evidenza-650x650-1.jpg","type":"image\/jpeg"}],"author":"Filippo Bradaschia","twitter_card":"summary_large_image","twitter_misc":{"Scritto da":"Filippo Bradaschia","Tempo di lettura stimato":"3 minuti"},"schema":{"@context":"https:\/\/schema.org","@graph":[{"@type":"Article","@id":"https:\/\/www.primalucelab.it\/blog\/lunar-eclipse-from-the-dolomites-with-borg-90fl-f3-9-and-esatto-3-eclisse-di-luna-delle-dolomiti\/#article","isPartOf":{"@id":"https:\/\/www.primalucelab.it\/blog\/lunar-eclipse-from-the-dolomites-with-borg-90fl-f3-9-and-esatto-3-eclisse-di-luna-delle-dolomiti\/"},"author":{"name":"Filippo Bradaschia","@id":"\/#\/schema\/person\/72e82955e044a9da6f10ebbf8134628b"},"headline":"Eclisse di Luna dalle Dolomiti con Borg 90FL f3.9 e ESATTO 3\u201d","datePublished":"2019-07-17T11:01:47+00:00","dateModified":"2022-03-01T10:42:09+00:00","mainEntityOfPage":{"@id":"https:\/\/www.primalucelab.it\/blog\/lunar-eclipse-from-the-dolomites-with-borg-90fl-f3-9-and-esatto-3-eclisse-di-luna-delle-dolomiti\/"},"wordCount":498,"publisher":{"@id":"\/#organization"},"image":{"@id":"https:\/\/www.primalucelab.it\/blog\/lunar-eclipse-from-the-dolomites-with-borg-90fl-f3-9-and-esatto-3-eclisse-di-luna-delle-dolomiti\/#primaryimage"},"thumbnailUrl":"https:\/\/www.primalucelab.it\/blog\/wp-content\/uploads\/2019\/07\/immagine-evidenza-650x650-1.jpg","articleSection":["Progetti ed eventi"],"inLanguage":"it-IT"},{"@type":"WebPage","@id":"https:\/\/www.primalucelab.it\/blog\/lunar-eclipse-from-the-dolomites-with-borg-90fl-f3-9-and-esatto-3-eclisse-di-luna-delle-dolomiti\/","url":"https:\/\/www.primalucelab.it\/blog\/lunar-eclipse-from-the-dolomites-with-borg-90fl-f3-9-and-esatto-3-eclisse-di-luna-delle-dolomiti\/","name":"Eclisse di Luna dalle Dolomiti con Borg 90FL f3.9 e ESATTO 3\u201d","isPartOf":{"@id":"\/#website"},"primaryImageOfPage":{"@id":"https:\/\/www.primalucelab.it\/blog\/lunar-eclipse-from-the-dolomites-with-borg-90fl-f3-9-and-esatto-3-eclisse-di-luna-delle-dolomiti\/#primaryimage"},"image":{"@id":"https:\/\/www.primalucelab.it\/blog\/lunar-eclipse-from-the-dolomites-with-borg-90fl-f3-9-and-esatto-3-eclisse-di-luna-delle-dolomiti\/#primaryimage"},"thumbnailUrl":"https:\/\/www.primalucelab.it\/blog\/wp-content\/uploads\/2019\/07\/immagine-evidenza-650x650-1.jpg","datePublished":"2019-07-17T11:01:47+00:00","dateModified":"2022-03-01T10:42:09+00:00","description":"L'eclissi lunare parziale del 16 luglio ci ha dato l'opportunit\u00e0 di testare il nuovo telescopio Borg 90FL f3.9 con focheggiatore ESATTO 3\".","breadcrumb":{"@id":"https:\/\/www.primalucelab.it\/blog\/lunar-eclipse-from-the-dolomites-with-borg-90fl-f3-9-and-esatto-3-eclisse-di-luna-delle-dolomiti\/#breadcrumb"},"inLanguage":"it-IT","potentialAction":[{"@type":"ReadAction","target":["https:\/\/www.primalucelab.it\/blog\/lunar-eclipse-from-the-dolomites-with-borg-90fl-f3-9-and-esatto-3-eclisse-di-luna-delle-dolomiti\/"]}]},{"@type":"ImageObject","inLanguage":"it-IT","@id":"https:\/\/www.primalucelab.it\/blog\/lunar-eclipse-from-the-dolomites-with-borg-90fl-f3-9-and-esatto-3-eclisse-di-luna-delle-dolomiti\/#primaryimage","url":"https:\/\/www.primalucelab.it\/blog\/wp-content\/uploads\/2019\/07\/immagine-evidenza-650x650-1.jpg","contentUrl":"https:\/\/www.primalucelab.it\/blog\/wp-content\/uploads\/2019\/07\/immagine-evidenza-650x650-1.jpg","width":650,"height":650},{"@type":"BreadcrumbList","@id":"https:\/\/www.primalucelab.it\/blog\/lunar-eclipse-from-the-dolomites-with-borg-90fl-f3-9-and-esatto-3-eclisse-di-luna-delle-dolomiti\/#breadcrumb","itemListElement":[{"@type":"ListItem","position":1,"name":"Home","item":"https:\/\/www.primalucelab.it\/blog\/"},{"@type":"ListItem","position":2,"name":"Projects and Events","item":"https:\/\/www.primalucelab.com\/blog\/category\/astrophotography-technique\/"},{"@type":"ListItem","position":3,"name":"Eclisse di Luna dalle Dolomiti con Borg 90FL f3.9 e ESATTO 3\u201d"}]},{"@type":"WebSite","@id":"\/#website","url":"\/","name":"PrimaLuceLab","description":"Puntiamo in alto","publisher":{"@id":"\/#organization"},"potentialAction":[{"@type":"SearchAction","target":{"@type":"EntryPoint","urlTemplate":"\/?s={search_term_string}"},"query-input":{"@type":"PropertyValueSpecification","valueRequired":true,"valueName":"search_term_string"}}],"inLanguage":"it-IT"},{"@type":"Organization","@id":"\/#organization","name":"PrimaluceLab","url":"\/","logo":{"@type":"ImageObject","inLanguage":"it-IT","@id":"\/#\/schema\/logo\/image\/","url":"https:\/\/www.primalucelab.it\/blog\/wp-content\/uploads\/2021\/03\/logo.png","contentUrl":"https:\/\/www.primalucelab.it\/blog\/wp-content\/uploads\/2021\/03\/logo.png","width":300,"height":83,"caption":"PrimaluceLab"},"image":{"@id":"\/#\/schema\/logo\/image\/"}},{"@type":"Person","@id":"\/#\/schema\/person\/72e82955e044a9da6f10ebbf8134628b","name":"Filippo Bradaschia","image":{"@type":"ImageObject","inLanguage":"it-IT","@id":"https:\/\/secure.gravatar.com\/avatar\/f46a4232395582ddee20f008a6b9fefc3623e99d4fc1da29e88f7374bf105882?s=96&d=mm&r=g","url":"https:\/\/secure.gravatar.com\/avatar\/f46a4232395582ddee20f008a6b9fefc3623e99d4fc1da29e88f7374bf105882?s=96&d=mm&r=g","contentUrl":"https:\/\/secure.gravatar.com\/avatar\/f46a4232395582ddee20f008a6b9fefc3623e99d4fc1da29e88f7374bf105882?s=96&d=mm&r=g","caption":"Filippo Bradaschia"},"url":"https:\/\/www.primalucelab.it\/blog\/author\/admin\/"}]}},"uagb_featured_image_src":{"full":["https:\/\/www.primalucelab.it\/blog\/wp-content\/uploads\/2019\/07\/immagine-evidenza-650x650-1.jpg",650,650,false],"thumbnail":["https:\/\/www.primalucelab.it\/blog\/wp-content\/uploads\/2019\/07\/immagine-evidenza-650x650-1-150x150.jpg",150,150,true],"medium":["https:\/\/www.primalucelab.it\/blog\/wp-content\/uploads\/2019\/07\/immagine-evidenza-650x650-1-300x300.jpg",300,300,true],"medium_large":["https:\/\/www.primalucelab.it\/blog\/wp-content\/uploads\/2019\/07\/immagine-evidenza-650x650-1.jpg",643,643,false],"large":["https:\/\/www.primalucelab.it\/blog\/wp-content\/uploads\/2019\/07\/immagine-evidenza-650x650-1.jpg",643,643,false],"ht-kb-thumb":["https:\/\/www.primalucelab.it\/blog\/wp-content\/uploads\/2019\/07\/immagine-evidenza-650x650-1-50x50.jpg",50,50,true],"1536x1536":["https:\/\/www.primalucelab.it\/blog\/wp-content\/uploads\/2019\/07\/immagine-evidenza-650x650-1.jpg",650,650,false],"2048x2048":["https:\/\/www.primalucelab.it\/blog\/wp-content\/uploads\/2019\/07\/immagine-evidenza-650x650-1.jpg",650,650,false],"ultp_layout_landscape_large":["https:\/\/www.primalucelab.it\/blog\/wp-content\/uploads\/2019\/07\/immagine-evidenza-650x650-1.jpg",650,650,false],"ultp_layout_landscape":["https:\/\/www.primalucelab.it\/blog\/wp-content\/uploads\/2019\/07\/immagine-evidenza-650x650-1.jpg",570,570,false],"ultp_layout_portrait":["https:\/\/www.primalucelab.it\/blog\/wp-content\/uploads\/2019\/07\/immagine-evidenza-650x650-1.jpg",600,600,false],"ultp_layout_square":["https:\/\/www.primalucelab.it\/blog\/wp-content\/uploads\/2019\/07\/immagine-evidenza-650x650-1.jpg",600,600,false],"post-thumbnail":["https:\/\/www.primalucelab.it\/blog\/wp-content\/uploads\/2019\/07\/immagine-evidenza-650x650-1-60x60.jpg",60,60,true],"hkb-thumb":["https:\/\/www.primalucelab.it\/blog\/wp-content\/uploads\/2019\/07\/immagine-evidenza-650x650-1-100x100.jpg",100,100,true],"crp_thumbnail":["https:\/\/www.primalucelab.it\/blog\/wp-content\/uploads\/2019\/07\/immagine-evidenza-650x650-1.jpg",150,150,false]},"uagb_author_info":{"display_name":"Filippo Bradaschia","author_link":"https:\/\/www.primalucelab.it\/blog\/author\/admin\/"},"uagb_comment_info":0,"uagb_excerpt":"L&#8217;eclissi lunare parziale del 16 luglio in Italia ci ha dato l&#8217;opportunit\u00e0 di testare il nuovo&nbsp;rifrattore apocromatico&nbsp;fluorite Borg 90FL f3.9 con focheggiatore micrometrico ESATTO 3&#8243;&nbsp;e, grazie alla sua estrema traportabilit\u00e0, spostarsi&nbsp;nelle Dolomiti, una delle pi\u00f9 belle parti&nbsp;delle Alpi italiane e patrimonio mondiale dell&#8217;Unesco! La nostra sfida \u00e8 stata scattare una...","_links":{"self":[{"href":"https:\/\/www.primalucelab.it\/blog\/wp-json\/wp\/v2\/posts\/1608","targetHints":{"allow":["GET"]}}],"collection":[{"href":"https:\/\/www.primalucelab.it\/blog\/wp-json\/wp\/v2\/posts"}],"about":[{"href":"https:\/\/www.primalucelab.it\/blog\/wp-json\/wp\/v2\/types\/post"}],"author":[{"embeddable":true,"href":"https:\/\/www.primalucelab.it\/blog\/wp-json\/wp\/v2\/users\/2"}],"replies":[{"embeddable":true,"href":"https:\/\/www.primalucelab.it\/blog\/wp-json\/wp\/v2\/comments?post=1608"}],"version-history":[{"count":3,"href":"https:\/\/www.primalucelab.it\/blog\/wp-json\/wp\/v2\/posts\/1608\/revisions"}],"predecessor-version":[{"id":3013,"href":"https:\/\/www.primalucelab.it\/blog\/wp-json\/wp\/v2\/posts\/1608\/revisions\/3013"}],"wp:featuredmedia":[{"embeddable":true,"href":"https:\/\/www.primalucelab.it\/blog\/wp-json\/wp\/v2\/media\/2449"}],"wp:attachment":[{"href":"https:\/\/www.primalucelab.it\/blog\/wp-json\/wp\/v2\/media?parent=1608"}],"wp:term":[{"taxonomy":"category","embeddable":true,"href":"https:\/\/www.primalucelab.it\/blog\/wp-json\/wp\/v2\/categories?post=1608"},{"taxonomy":"post_tag","embeddable":true,"href":"https:\/\/www.primalucelab.it\/blog\/wp-json\/wp\/v2\/tags?post=1608"}],"curies":[{"name":"wp","href":"https:\/\/api.w.org\/{rel}","templated":true}]}}